{"id":699,"date":"2015-12-03T17:35:51","date_gmt":"2015-12-03T16:35:51","guid":{"rendered":"https:\/\/durch-die-haut.de\/?p=699"},"modified":"2019-10-16T07:14:25","modified_gmt":"2019-10-16T05:14:25","slug":"wechseljahre","status":"publish","type":"post","link":"https:\/\/durch-die-haut.de\/de\/wechseljahre\/","title":{"rendered":"Wechseljahre &#8211; Schreckgespenst oder gro\u00dfe Freiheit"},"content":{"rendered":"<div id=\"attachment_701\" style=\"width: 2010px\" class=\"wp-caption aligncenter\"><img decoding=\"async\" aria-describedby=\"caption-attachment-701\" class=\"lazyload wp-image-701 size-full\" src=\"data:image\/svg+xml,%3Csvg%20xmlns%3D%27http%3A%2F%2Fwww.w3.org%2F2000%2Fsvg%27%20width%3D%272000%27%20height%3D%271333%27%20viewBox%3D%270%200%202000%201333%27%3E%3Crect%20width%3D%272000%27%20height%3D%271333%27%20fill-opacity%3D%220%22%2F%3E%3C%2Fsvg%3E\" data-orig-src=\"https:\/\/durch-die-haut.de\/wp-content\/uploads\/Menopause-Migraene-Olga-Rhein.jpg\" alt=\"Wechseljahre -mehr als die H\u00e4lfte der Frauen klagt \u00fcber Probleme - ein Pflaster kann helfen.\" width=\"2000\" height=\"1333\"><p id=\"caption-attachment-701\" class=\"wp-caption-text\">\u00a9 LTS Lohmann Therapie-Systeme AG<\/p><\/div>\n<p>Viel wird \u00fcber die Wechseljahre &#8211; die Zeit in der Lebensmitte der Frau &#8211; geschrieben und spekuliert. Die Folge ist, dass so manche Frau diesem Lebensabschnitt&nbsp;mit gemischten Gef\u00fchlen entgegensieht.<\/p>\n<p>In der Tat wird mit den Wechseljahren viel Negatives verbunden: spontan denkt man an Stimmungsschwankungen, Gewichtszunahme, verminderte Libido, Schlafst\u00f6rungen, Haarausfall und die allseits bekannten Hitzewallungen. Das klingt beunruhigend. Aber bedeutet das auch das Ende jeder Lebensfreude oder ist es der Eintritt in eine unabh\u00e4ngigere Phase?<\/p>\n<h2>Fakten zum Klimakterium<\/h2>\n<p>Der Zeitpunkt der letzten spontanen Menstruation im Leben einer Frau und somit das Ende ihrer Fruchtbarkeit hei\u00dft \u201e<a href=\"https:\/\/de.wikipedia.org\/wiki\/Menopause\">Menopause<\/a>\u201c. Ursache sind hormonelle Ver\u00e4nderungen, wie Verminderung der \u00d6strogenproduktion.<\/p>\n<p>Die Jahre davor und danach hei\u00dfen \u201e<a href=\"https:\/\/de.wikipedia.org\/wiki\/Klimakterium\">Klimakterium<\/a>\u201c. Umgangssprachlich werden sie Wechseljahre genannt. Das kommt ebenfalls aus dem Altgriechischen und bedeutet \u201eStufenleiter, kritischer Zeitpunkt im Leben\u201c. Leider ist nicht \u00fcberliefert, was genau daran \u201ekritisch\u201c sein soll. Aber die Stufenleiter ist doch eine sch\u00f6ne Metapher. Der Beginn der Wechseljahre liegt zwischen Anfang 40 und ca. 55 Jahren, mit etwa 58 haben die meisten Frauen die Wechseljahre hinter sich.<\/p>\n<p>Die Menopause gilt als sicher erreicht, wenn eine Frau unter 50 zwei Jahre lang und \u00fcber 50 ein Jahr lang <a href=\"http:\/\/www.hormontherapie-wechseljahre.de\/weibliche-hormone\/verhuetung\/\">keine Regelblutung mehr <\/a>hatte.<\/p>\n<h2>Wie \u00e4u\u00dfern sich die Wechseljahre?<\/h2>\n<p>Inzwischen hat sich das Wissen etabliert, dass w\u00e4hrend der Wechseljahre<\/p>\n<ul>\n<li>1\/3 aller Frauen extreme Beschwerden<\/li>\n<li>1\/3 der Frauen leichte Beschwerden und<\/li>\n<li>1\/3 der Frauen \u201eso gut wie\u201c keine Beschwerden haben<\/li>\n<\/ul>\n<p>Der Begriff \u201eWechseljahre\u201c ist sicher zu negativ besetzt. In dieser dennoch einschneidenden Lebensphase kann eine Hormonersatztherapie Unterst\u00fctzung bieten. Eine solche Therapie kann beispielsweise mit Hilfe von <a href=\"https:\/\/durch-die-haut.de\/de\/alternative-zur-tablette\/\">Hormonpflastern<\/a>, die LTS anbietet, durchgef\u00fchrt werden. Au\u00dferdem helfen viel Bewegung, eine regelm\u00e4\u00dfige Lebensf\u00fchrung und der Verzicht auf Aufputschmittel (Tee, Kaffee), bzw. Zigaretten. Sie haben also Vieles selbst in der Hand.<\/p>\n<h2>Keine Angst!<\/h2>\n<p>Mittlerweile gilt als sicher, dass viele der genannten Symptome auch andere Gr\u00fcnde haben &nbsp;k\u00f6nnen: So haben manche Frauen Schwierigkeiten mit dem \u00c4lterwerden. Andere &nbsp;m\u00fcssen eine Trennung verkraften. Wieder andere belastet der Auszug der Kinder sehr.<\/p>\n<p>Neben medizinischen Faktoren sind also auch pers\u00f6nliche Lebensumst\u00e4nde und individuelle Disposition einer Frau ausschlaggebend. Aber: erfreulicherweise verschwinden fast alle der Beschwerden nach dem Klimakterium wieder.<\/p>\n<p>Sicher ist: gewisse Dinge kann frau mit diesem Wissen nun viel entspannter angehen. Und so manches, &nbsp;was vorher \u00e4u\u00dferst l\u00e4stig war, f\u00e4llt nun endlich weg!<\/p>\n<p>&nbsp;<\/p>\n<p><strong>Bildquelle:<\/strong> LTS Lohmann Therapie-Systeme AG<\/p>\n","protected":false},"excerpt":{"rendered":"<p>Die Wechseljahre der Frauen &#8211; tats\u00e4chlich klagen zwei von drei Frauen \u00fcber Probleme w\u00e4hrend dieser Zeit. Hier finden Sie Hilfsm\u00f6glichkeiten.<\/p>\n","protected":false},"author":4,"featured_media":701,"comment_status":"closed","ping_status":"closed","sticky":false,"template":"","format":"standard","meta":{"footnotes":""},"categories":[1],"tags":[11,10],"class_list":["post-699","post","type-post","status-publish","format-standard","has-post-thumbnail","hentry","category-allgemeines","tag-neue-wege","tag-wechseljahre"],"_links":{"self":[{"href":"https:\/\/durch-die-haut.de\/de\/wp-json\/wp\/v2\/posts\/699","targetHints":{"allow":["GET"]}}],"collection":[{"href":"https:\/\/durch-die-haut.de\/de\/wp-json\/wp\/v2\/posts"}],"about":[{"href":"https:\/\/durch-die-haut.de\/de\/wp-json\/wp\/v2\/types\/post"}],"author":[{"embeddable":true,"href":"https:\/\/durch-die-haut.de\/de\/wp-json\/wp\/v2\/users\/4"}],"replies":[{"embeddable":true,"href":"https:\/\/durch-die-haut.de\/de\/wp-json\/wp\/v2\/comments?post=699"}],"version-history":[{"count":1,"href":"https:\/\/durch-die-haut.de\/de\/wp-json\/wp\/v2\/posts\/699\/revisions"}],"predecessor-version":[{"id":5319,"href":"https:\/\/durch-die-haut.de\/de\/wp-json\/wp\/v2\/posts\/699\/revisions\/5319"}],"wp:featuredmedia":[{"embeddable":true,"href":"https:\/\/durch-die-haut.de\/de\/wp-json\/wp\/v2\/media\/701"}],"wp:attachment":[{"href":"https:\/\/durch-die-haut.de\/de\/wp-json\/wp\/v2\/media?parent=699"}],"wp:term":[{"taxonomy":"category","embeddable":true,"href":"https:\/\/durch-die-haut.de\/de\/wp-json\/wp\/v2\/categories?post=699"},{"taxonomy":"post_tag","embeddable":true,"href":"https:\/\/durch-die-haut.de\/de\/wp-json\/wp\/v2\/tags?post=699"}],"curies":[{"name":"wp","href":"https:\/\/api.w.org\/{rel}","templated":true}]}}